{"id":4873,"date":"2026-04-20T09:16:52","date_gmt":"2026-04-20T09:16:52","guid":{"rendered":"https:\/\/echtzeita.de\/?p=4873"},"modified":"2026-04-20T09:16:56","modified_gmt":"2026-04-20T09:16:56","slug":"ingo-zamperoni","status":"publish","type":"post","link":"https:\/\/echtzeita.de\/?p=4873","title":{"rendered":"Ingo Zamperoni \u2013 Biografie, Karriere, Familie &amp; Fakten"},"content":{"rendered":"\n<p>Einleitung: Ingo Zamperoni geh\u00f6rt zu den bekanntesten Gesichtern im deutschen Fernsehen und hat sich durch seine ruhige und sachliche Art einen festen Platz im Journalismus gesichert. Besonders durch seine Arbeit bei den \u201eTagesthemen\u201c wurde er einem gro\u00dfen Publikum bekannt, wo er t\u00e4glich wichtige Nachrichten verst\u00e4ndlich pr\u00e4sentiert.<\/p>\n\n\n\n<p>Mit seiner internationalen Erfahrung, insbesondere durch seine Verbindung zu den USA, bringt er eine besondere Perspektive in seine Berichterstattung ein. Neben seiner erfolgreichen Karriere interessiert sich viele Menschen auch f\u00fcr sein Privatleben, seine Familie und seinen beruflichen Werdegang, was ihn zu einer spannenden Pers\u00f6nlichkeit im deutschen Medienbereich macht.<\/p>\n\n\n\n<div class=\"wp-block-rank-math-toc-block\" id=\"rank-math-toc\"><h2>Table of Contents<\/h2><nav><ul><li><a href=\"#fruhes-leben-und-ausbildung-von-ingo-zamperoni\">Fr\u00fches Leben und Ausbildung von Ingo Zamperoni<\/a><\/li><li><a href=\"#karriere-und-tv-erfolge-von-ingo-zamperoni\">Karriere und TV-Erfolge von Ingo Zamperoni<\/a><\/li><li><a href=\"#ehefrau-und-familie-von-ingo-zamperoni\">Ehefrau und Familie von Ingo Zamperoni<\/a><\/li><li><a href=\"#alter-grosse-und-personliche-daten-von-ingo-zamperoni\">Alter, Gr\u00f6\u00dfe und pers\u00f6nliche Daten von Ingo Zamperoni<\/a><\/li><li><a href=\"#vermogen-und-einkommen-von-ingo-zamperoni\">Verm\u00f6gen und Einkommen von Ingo Zamperoni<\/a><\/li><li><a href=\"#interessante-fakten-uber-ingo-zamperoni\">Interessante Fakten \u00fcber Ingo Zamperoni<\/a><\/li><li><a href=\"#fazit\">Fazit<\/a><\/li><li><a href=\"#faq\">FAQ<\/a><\/li><\/ul><\/nav><\/div>\n\n\n\n<h2 class=\"wp-block-heading\" id=\"fruhes-leben-und-ausbildung-von-ingo-zamperoni\">Fr\u00fches Leben und Ausbildung von Ingo Zamperoni<\/h2>\n\n\n\n<p>Ingo Zamperoni wurde am 3. Mai 1974 in Wiesbaden geboren und wuchs in einem Umfeld auf, das ihn fr\u00fch f\u00fcr Sprache, Kultur und internationale Themen sensibilisierte. Durch seine deutsch-italienische Herkunft entwickelte er schon in jungen Jahren ein Interesse an verschiedenen Perspektiven und Denkweisen, was sp\u00e4ter seine journalistische Arbeit stark gepr\u00e4gt hat. Nach dem Abitur entschied er sich f\u00fcr ein Studium der Rechtswissenschaften und sp\u00e4ter der amerikanischen Studien, wobei er auch Zeit in den USA verbrachte. Diese internationale Ausbildung half ihm, politische und gesellschaftliche Themen besser zu verstehen und verst\u00e4ndlich zu erkl\u00e4ren. Schon w\u00e4hrend seines Studiums zeigte sich sein Interesse f\u00fcr Medien und Kommunikation, wodurch er den Weg in den Journalismus einschlug und sich Schritt f\u00fcr Schritt zu einem der bekanntesten TV-Gesichter Deutschlands entwickelte.<\/p>\n\n\n\n<h2 class=\"wp-block-heading\" id=\"karriere-und-tv-erfolge-von-ingo-zamperoni\">Karriere und TV-Erfolge von Ingo Zamperoni<\/h2>\n\n\n\n<p>Die Karriere von Ingo Zamperoni begann beim Norddeutschen Rundfunk (NDR), wo er als Redakteur und Reporter erste Erfahrungen sammelte und schnell durch seine professionelle Arbeitsweise auffiel. Besonders bekannt wurde er durch seine T\u00e4tigkeit als Moderator der \u201eTagesthemen\u201c, einer der wichtigsten Nachrichtensendungen in Deutschland, wo er komplexe politische und gesellschaftliche Themen verst\u00e4ndlich und ruhig pr\u00e4sentierte. Neben seiner Arbeit im Studio war er auch als Auslandskorrespondent in den USA t\u00e4tig, was ihm internationale Anerkennung einbrachte und seine Berichterstattung vielseitiger machte. Zudem moderierte er Formate wie \u201eDie 100 \u2013 was Deutschland bewegt\u201c, in denen er gesellschaftliche Fragen diskutiert und unterschiedliche Meinungen sichtbar macht. Seine Karriere zeichnet sich durch Glaubw\u00fcrdigkeit, Fachwissen und eine klare Kommunikation aus, die ihm das Vertrauen vieler Zuschauer eingebracht hat.<\/p>\n\n\n\n<h2 class=\"wp-block-heading\" id=\"ehefrau-und-familie-von-ingo-zamperoni\">Ehefrau und Familie von Ingo Zamperoni<\/h2>\n\n\n\n<p>Im privaten Leben ist Ingo Zamperoni seit dem Jahr 2006 mit Jennifer Bourguignon verheiratet, die aus den USA stammt, was seine enge Verbindung zu Amerika zus\u00e4tzlich st\u00e4rkt. Gemeinsam hat das Paar Kinder und lebt ein Familienleben, das sowohl von deutschen als auch amerikanischen Einfl\u00fcssen gepr\u00e4gt ist. Diese internationale Familienstruktur spiegelt sich auch in seiner Arbeit wider, da er oft Themen mit globalem Bezug besonders gut einordnen kann. Trotz seiner Bekanntheit h\u00e4lt er sein Privatleben weitgehend aus der \u00d6ffentlichkeit heraus und legt gro\u00dfen Wert darauf, Familie und Beruf in Balance zu halten. Seine Rolle als Familienvater zeigt eine andere, pers\u00f6nliche Seite von ihm, die ihn f\u00fcr viele Menschen noch sympathischer macht.<\/p>\n\n\n\n<h2 class=\"wp-block-heading\" id=\"alter-grosse-und-personliche-daten-von-ingo-zamperoni\">Alter, Gr\u00f6\u00dfe und pers\u00f6nliche Daten von Ingo Zamperoni<\/h2>\n\n\n\n<p>Ingo Zamperoni ist derzeit \u00fcber 50 Jahre alt und geh\u00f6rt damit zu den erfahrenen Pers\u00f6nlichkeiten im deutschen Fernsehen, die \u00fcber viele Jahre hinweg kontinuierlich pr\u00e4sent geblieben sind. Mit einer K\u00f6rpergr\u00f6\u00dfe von etwa 1,95 Metern hat er eine auff\u00e4llige Erscheinung, die ihn auch optisch von vielen anderen Moderatoren unterscheidet. Neben seiner deutschen Staatsangeh\u00f6rigkeit besitzt er auch eine starke Verbindung zur amerikanischen Kultur, was sich in seiner Sprache und Denkweise widerspiegelt. Er spricht flie\u00dfend Englisch und Deutsch, was ihm besonders bei internationalen Themen zugutekommt. Seine ruhige Stimme, klare Ausdrucksweise und sachliche Art sind weitere pers\u00f6nliche Merkmale, die ihn im Journalismus auszeichnen.<\/p>\n\n\n\n<h2 class=\"wp-block-heading\" id=\"vermogen-und-einkommen-von-ingo-zamperoni\">Verm\u00f6gen und Einkommen von Ingo Zamperoni<\/h2>\n\n\n\n<p>Das genaue Verm\u00f6gen von Ingo Zamperoni ist nicht \u00f6ffentlich best\u00e4tigt, jedoch wird gesch\u00e4tzt, dass er durch seine langj\u00e4hrige Karriere im \u00f6ffentlich-rechtlichen Fernsehen ein solides Einkommen erzielt. Als Moderator einer wichtigen Nachrichtensendung wie den \u201eTagesthemen\u201c geh\u00f6rt er zu den etablierten Gesichtern der ARD, was sich auch finanziell bemerkbar macht. Seine Einnahmen stammen haupts\u00e4chlich aus seiner T\u00e4tigkeit als Journalist, Moderator und gelegentlich aus weiteren Medienprojekten. Im Vergleich zu internationalen TV-Stars bleibt sein Lebensstil eher bodenst\u00e4ndig, was gut zu seinem seri\u00f6sen Image passt. Sein Fokus liegt weniger auf Luxus, sondern vielmehr auf einer stabilen Karriere und einem ausgeglichenen Privatleben.<\/p>\n\n\n\n<h2 class=\"wp-block-heading\" id=\"interessante-fakten-uber-ingo-zamperoni\">Interessante Fakten \u00fcber Ingo Zamperoni<\/h2>\n\n\n\n<p>Es gibt viele interessante Aspekte im Leben von Ingo Zamperoni, die ihn besonders machen, wie zum Beispiel seine enge Verbindung zu den USA durch seine Ehe und seine berufliche T\u00e4tigkeit als Auslandskorrespondent. Er hat nicht nur in Deutschland gearbeitet, sondern auch wichtige Einblicke in die amerikanische Politik und Gesellschaft gewonnen, die er in seine Berichterstattung einflie\u00dfen l\u00e4sst. Au\u00dferdem ist er bekannt f\u00fcr seine ruhige und sachliche Moderation, die gerade in Zeiten von schnellen Nachrichten und emotionalen Debatten besonders gesch\u00e4tzt wird. Viele Zuschauer vertrauen ihm, weil er Informationen klar und ohne \u00dcbertreibung vermittelt. Dar\u00fcber hinaus engagiert er sich auch f\u00fcr gesellschaftliche Themen und zeigt Interesse an Entwicklungen, die \u00fcber den Alltag hinausgehen.<\/p>\n\n\n\n<h2 class=\"wp-block-heading\" id=\"fazit\">Fazit<\/h2>\n\n\n\n<p>Ingo Zamperoni hat sich als vertrauensw\u00fcrdiger und erfahrener Journalist in Deutschland etabliert und \u00fcberzeugt durch seine ruhige und klare Art der Berichterstattung. Seine internationale Erfahrung, besonders in den USA, macht ihn zu einer besonderen Stimme im deutschen Fernsehen. Neben seiner erfolgreichen Karriere zeigt auch sein Privatleben, wie wichtig ihm Familie und Ausgleich sind. Viele Menschen sch\u00e4tzen ihn f\u00fcr seine sachliche Darstellung komplexer Themen. Insgesamt steht er f\u00fcr Qualit\u00e4t, Glaubw\u00fcrdigkeit und modernen Journalismus <a href=\"https:\/\/echtzeita.de\/?p=4865\">Julius Randle Injury<\/a>.<\/p>\n\n\n\n<h2 class=\"wp-block-heading\" id=\"faq\">FAQ<\/h2>\n\n\n\n<ul class=\"wp-block-list\">\n<li>Wer ist Ingo Zamperoni?<br>Ingo Zamperoni ist ein deutscher Journalist und Fernsehmoderator, der vor allem durch die Nachrichtensendung \u201eTagesthemen\u201c bekannt ist.<\/li>\n\n\n\n<li>Wann wurde Ingo Zamperoni geboren?<br>Ingo Zamperoni wurde am 3. Mai 1974 in Wiesbaden, Deutschland, geboren.<\/li>\n\n\n\n<li>Wer ist die Ehefrau von Ingo Zamperoni?<br>Er ist seit 2006 mit Jennifer Bourguignon verheiratet, die aus den USA stammt.<\/li>\n\n\n\n<li>Welche Sendungen moderiert Ingo Zamperoni?<br>Er ist vor allem als Moderator der \u201eTagesthemen\u201c bekannt und war auch in Formaten wie \u201eDie 100 \u2013 was Deutschland bewegt\u201c zu sehen.<\/li>\n\n\n\n<li>Wie gro\u00df ist Ingo Zamperoni?<br>Ingo Zamperoni ist etwa 1,95 Meter gro\u00df.<\/li>\n\n\n\n<li>Hat Ingo Zamperoni Kinder?<br>Ja, er hat Kinder und lebt mit seiner Familie ein eher privates Leben zwischen Deutschland und den USA.<\/li>\n\n\n\n<li>Warum ist Ingo Zamperoni so bekannt?<br>Er ist bekannt f\u00fcr seine sachliche und verst\u00e4ndliche Berichterstattung sowie f\u00fcr seine internationale Erfahrung als Journalist.<\/li>\n<\/ul>\n","protected":false},"excerpt":{"rendered":"<p>Einleitung: Ingo Zamperoni geh\u00f6rt zu den bekanntesten Gesichtern im deutschen Fernsehen und hat sich durch seine ruhige und sachliche Art einen festen Platz im Journalismus gesichert. Besonders durch seine Arbeit bei den \u201eTagesthemen\u201c wurde er einem gro\u00dfen Publikum bekannt, wo er t\u00e4glich wichtige Nachrichten verst\u00e4ndlich pr\u00e4sentiert. Mit seiner internationalen Erfahrung, insbesondere durch seine Verbindung zu<\/p>\n","protected":false},"author":1,"featured_media":4874,"comment_status":"open","ping_status":"closed","sticky":false,"template":"","format":"standard","meta":{"footnotes":""},"categories":[20],"tags":[],"class_list":{"0":"post-4873","1":"post","2":"type-post","3":"status-publish","4":"format-standard","5":"has-post-thumbnail","7":"category-nachricht"},"_links":{"self":[{"href":"https:\/\/echtzeita.de\/index.php?rest_route=\/wp\/v2\/posts\/4873","targetHints":{"allow":["GET"]}}],"collection":[{"href":"https:\/\/echtzeita.de\/index.php?rest_route=\/wp\/v2\/posts"}],"about":[{"href":"https:\/\/echtzeita.de\/index.php?rest_route=\/wp\/v2\/types\/post"}],"author":[{"embeddable":true,"href":"https:\/\/echtzeita.de\/index.php?rest_route=\/wp\/v2\/users\/1"}],"replies":[{"embeddable":true,"href":"https:\/\/echtzeita.de\/index.php?rest_route=%2Fwp%2Fv2%2Fcomments&post=4873"}],"version-history":[{"count":1,"href":"https:\/\/echtzeita.de\/index.php?rest_route=\/wp\/v2\/posts\/4873\/revisions"}],"predecessor-version":[{"id":4875,"href":"https:\/\/echtzeita.de\/index.php?rest_route=\/wp\/v2\/posts\/4873\/revisions\/4875"}],"wp:featuredmedia":[{"embeddable":true,"href":"https:\/\/echtzeita.de\/index.php?rest_route=\/wp\/v2\/media\/4874"}],"wp:attachment":[{"href":"https:\/\/echtzeita.de\/index.php?rest_route=%2Fwp%2Fv2%2Fmedia&parent=4873"}],"wp:term":[{"taxonomy":"category","embeddable":true,"href":"https:\/\/echtzeita.de\/index.php?rest_route=%2Fwp%2Fv2%2Fcategories&post=4873"},{"taxonomy":"post_tag","embeddable":true,"href":"https:\/\/echtzeita.de\/index.php?rest_route=%2Fwp%2Fv2%2Ftags&post=4873"}],"curies":[{"name":"wp","href":"https:\/\/api.w.org\/{rel}","templated":true}]}}